{"id":58848,"date":"2022-10-31T09:02:19","date_gmt":"2022-10-31T08:02:19","guid":{"rendered":"https:\/\/colivys.com\/?p=58848"},"modified":"2024-03-25T11:40:22","modified_gmt":"2024-03-25T10:40:22","slug":"what-do-paris-november","status":"publish","type":"post","link":"https:\/\/colivys.com\/en\/blog\/what-do-paris-november\/","title":{"rendered":"What to do in November in Paris?"},"content":{"rendered":"<p><i><span style=\"font-weight: 400;\">Say goodbye to autumn blues. Get ready to see the light and dive into a whirlwind of captivating outings. Colivys presents a fun program full of activities to spice up your month of November! So, are you ready to explore the streets of Paris to discover what the capital has to offer? Regardless of the category \u2014whether it&#8217;s hotels, gardens, monuments along galleries, strolls through shops, workshops, concerts, or simply neighborhoods\u2014 all these beautiful Parisian addresses will take a center stage! The festival is open, and you&#8217;ll be the first visitor!<\/span><\/i><\/p>\n<h2><b>\ud83e\ude84 <\/b>A Monstrous Delight at France Miniature Park!<b><br \/>\n<\/b><\/h2>\n<p><span style=\"font-weight: 400;\">Who said the magic of Halloween had to end so quickly? Get your costume ready for a visit that blends fright and entertainment. Just before transitioning to winter, a new treat has arrived. From <strong>October 21st to November 5th<\/strong>, <\/span><a href=\"https:\/\/www.franceminiature.fr\/fr\" target=\"_blank\" rel=\"noopener\"><span style=\"font-weight: 400;\">France Miniature Park<\/span><\/a><span style=\"font-weight: 400;\"> has an exceptional experience in store for you with &#8220;Halloween 2023.&#8221; The park transforms into a terrifying playground with mysterious corners. <\/span><\/p>\n<p><span style=\"font-weight: 400;\">Watch out your step \ud83d\ude31\ud83d\udd77\ufe0f <\/span><\/p>\n<p><span style=\"font-weight: 400;\">Between enchanting tales and magical tricks, will you dare to venture into this fantastically spooky show? Quick tip: if you encounter a monster, tell them you&#8217;re still looking for your pumpkin!<\/span><\/p>\n<h2>\ud83d\udcf8 The Must-Attend Event for All Image Lovers<\/h2>\n<div>\n<p><span style=\"font-weight: 400;\">Get ready because from <strong>November 9th to 12th, 2023<\/strong>, <\/span><a href=\"https:\/\/www.parisphoto.com\/en-gb.html\" target=\"_blank\" rel=\"noopener\"><span style=\"font-weight: 400;\">Paris Photo<\/span><\/a><span style=\"font-weight: 400;\"> invites you for a total immersion in the captivating world of photography! Nestled within the magnificent <\/span><a href=\"https:\/\/www.grandpalais.fr\/en\/lieu\/grand-palais-ephemere\" target=\"_blank\" rel=\"noopener\"><span style=\"font-weight: 400;\">Grand Palais \u00c9ph\u00e9m\u00e8re<\/span><\/a><span style=\"font-weight: 400;\">, this international fair is much more than just an event; it&#8217;s a celebration of visual art in all its forms. A unique opportunity to dive into an immersive experience. <\/span><\/p>\n<p><span style=\"font-weight: 400;\">Whether you&#8217;re an art enthusiast, a photography professional, or simply a curious, here you&#8217;ll take the time to contemplate the future of photography while sharing the love of imagery with creative minds from all around the world. So, mark this date in your calendar because <strong>Paris Photo 2023<\/strong> promises to be a true visual odyssey you won&#8217;t forget anytime soon! Immerse yourself completely where each image becomes a window to an unexplored world. Every snapshot tells a story, and a picture is worth a thousand words, so let your imagination lead the way.<\/span><\/p>\n<\/div>\n<div>\n<h2>\ud83c\udf85\u00a0The Paris La D\u00e9fense Christmas Market returns for its 28th edition!<\/h2>\n<p><span style=\"font-weight: 400;\">It&#8217;s the moment of the year you&#8217;ve been eagerly waiting for: the Christmas market. Since it&#8217;s never too early to celebrate the holiday season, we invite you to discover <\/span><a href=\"https:\/\/xmasparisladefense.com\/#:~:text=C%27est%20dans%20un%20cadre,%27%C3%8Ele%2Dde%2DFrance\" target=\"_blank\" rel=\"noopener\"><span style=\"font-weight: 400;\">the Paris La D\u00e9fense Christmas Market<\/span><\/a><span style=\"font-weight: 400;\">. From <strong>Thursday, November 16th to Wednesday, December 27th, 2023<\/strong>, get ready to stroll among the chalets, a cup of mulled wine in hand. While being enchanted by this atmosphere, if you get a little hungry, you can indulge in winter specialties offered in the chalets. So gather your roommates and dive together into the magic of the holidays. We bet that even Santa Claus would consider it the perfect market!<\/span><\/p>\n<h2>\ud83c\udf31\u00a0For all the organic and eco-conscious enthusiasts, here&#8217;s the must-not-miss event.<\/h2>\n<p><span style=\"font-weight: 400;\">The largest organic market in France is back from<strong> November 8th to 12th<\/strong> at the Parc Floral of Paris! You&#8217;ve got it right, it&#8217;s <\/span><a href=\"https:\/\/www.salon-marjolaine.com\" target=\"_blank\" rel=\"noopener\"><span style=\"font-weight: 400;\">the 47th edition of the Marjolaine<\/span><\/a><span style=\"font-weight: 400;\"> fair, bringing together stakeholders in organic agriculture, ecology, and sustainable development. Your mission on this day? Take advantage of this exceptional opportunity to deepen your knowledge in the field. You can even go with your roommates and raise awareness about living in a more eco-friendly way. <\/span><\/p>\n<p><span style=\"font-weight: 400;\">So, don&#8217;t hesitate for another second. <\/span><span style=\"font-weight: 400;\">Simply download your ticket online<\/span><span style=\"font-weight: 400;\"> to facilitate your access for a preferential rate of <strong>\u20ac7 instead of \u20ac10 on-site.<\/strong><\/span><\/p>\n<h2>\ud83c\uddeb\ud83c\uddf7\u00a0MIF Expo 2023: The French Touch in Paris!<\/h2>\n<p><span style=\"font-weight: 400;\">The must-attend event for all lovers of France is back! Imagine a place where gastronomy, textiles, and much more come together to offer you the best of the Hexagon. That&#8217;s exactly what you&#8217;ll find at <\/span><span style=\"font-weight: 400;\">MIF Expo<\/span><span style=\"font-weight: 400;\">, the Made In France products exhibition. Join us at <\/span><a href=\"https:\/\/www.viparis.com\/en\/our-venues\/paris-expo-porte-de-versailles-en\" target=\"_blank\" rel=\"noopener\"><span style=\"font-weight: 400;\">Paris Expo Porte de Versailles<\/span><\/a><span style=\"font-weight: 400;\"> from <strong>November 9th to 12th, 2023<\/strong>, to discover all the French know-how and heritage. Whether you&#8217;re a fan of cosmetics, elegant leather bags, or art in its entirety, you&#8217;ll find everything you need here. <\/span><\/p>\n<p><span style=\"font-weight: 400;\">All of it crafted with a certain talent that makes the featured products so special. Admission is free, so register in advance if you want a chance to take home memories created by our local artisans!<\/span><\/p>\n<p>Find more o<a href=\"https:\/\/colivys.com\/en\/blog-en\/what-do-paris-october\/\">uting ideas in our October top picks<\/a>! Some exhibitions or walks are still doable this month \ud83d\ude09.<\/p>\n<p style=\"text-align: center;\"><i><span style=\"font-weight: 400;\">With this nice program, you will be able to enjoy your November as much as possible. <\/span><\/i><\/p>\n<p style=\"text-align: center;\"><i><span style=\"font-weight: 400;\">Which one of these ideas will you try?<\/span><\/i><\/p>\n<\/div>\n","protected":false},"excerpt":{"rendered":"<p>Colivys presents its fun and activity-packed program to spice up your November!<\/p>\n","protected":false},"author":2012,"featured_media":58850,"comment_status":"closed","ping_status":"closed","sticky":false,"template":"","format":"standard","meta":{"_acf_changed":false,"footnotes":""},"categories":[243],"tags":[],"class_list":["post-58848","post","type-post","status-publish","format-standard","has-post-thumbnail","hentry","category-blog"],"acf":{"civilite":"","telephone":"","nationalite":"","date_de_naissance":"","lieu_de_naissance":"","nom_etablissement":"","siren":"","iban":"","swift_code":"","adresse_correspondance":"","code_postal_correspondance":"","ville_correspondance":"","pays_correspondance":"","adresse_facturation":"","code_postal_facturation":"","ville_facturation":"","pays_facturation":"","email_garant":"","civilite_garant":"M.","nom_garant":"","prenom_garant":"","telephone_garant":"","adresse_garant":"","code_postal_garant":"","ville_garant":"","lieu_de_naissance_garant":"","date_de_naissance_garant":"","id_user_wp":"","id_client_zcrm":"","id_prospect_zcrm":"","reservations":"","reservations_temp":"","last_justificatif_iban":"","last_copie_carte_identite_ou_passeport":"","last_bulletin_de_salaire":"","last_contrat_de_travail":"","last_dernier_avis_imposition":"","last_carte_etudiant":"","last_garant_copie_carte_identite_ou_passeport":"","last_garant_contrat_de_travail":"","last_garant_bulletin_de_salaire":"","last_garant_dernier_avis_imposition":"","sourceweb":"","profession":"Etudiant"},"wpml_current_locale":"en_US","wpml_translations":[{"locale":"fr_FR","id":58847,"post_title":"Que faire en Novembre \u00e0 Paris ? Colivys te partage ses bons plans","href":"https:\/\/colivys.com\/que-faire-novembre-paris\/"}],"_links":{"self":[{"href":"https:\/\/colivys.com\/en\/wp-json\/wp\/v2\/posts\/58848","targetHints":{"allow":["GET"]}}],"collection":[{"href":"https:\/\/colivys.com\/en\/wp-json\/wp\/v2\/posts"}],"about":[{"href":"https:\/\/colivys.com\/en\/wp-json\/wp\/v2\/types\/post"}],"author":[{"embeddable":true,"href":"https:\/\/colivys.com\/en\/wp-json\/wp\/v2\/users\/2012"}],"replies":[{"embeddable":true,"href":"https:\/\/colivys.com\/en\/wp-json\/wp\/v2\/comments?post=58848"}],"version-history":[{"count":0,"href":"https:\/\/colivys.com\/en\/wp-json\/wp\/v2\/posts\/58848\/revisions"}],"wp:featuredmedia":[{"embeddable":true,"href":"https:\/\/colivys.com\/en\/wp-json\/wp\/v2\/media\/58850"}],"wp:attachment":[{"href":"https:\/\/colivys.com\/en\/wp-json\/wp\/v2\/media?parent=58848"}],"wp:term":[{"taxonomy":"category","embeddable":true,"href":"https:\/\/colivys.com\/en\/wp-json\/wp\/v2\/categories?post=58848"},{"taxonomy":"post_tag","embeddable":true,"href":"https:\/\/colivys.com\/en\/wp-json\/wp\/v2\/tags?post=58848"}],"curies":[{"name":"wp","href":"https:\/\/api.w.org\/{rel}","templated":true}]}}